{"id":6748,"date":"2024-11-02T07:06:23","date_gmt":"2024-11-02T05:06:23","guid":{"rendered":"https:\/\/www.appartement.be\/concevoir-votre-garage-de-maniere-pratique-en-3-etapes\/"},"modified":"2024-11-02T07:06:23","modified_gmt":"2024-11-02T05:06:23","slug":"concevoir-votre-garage-de-maniere-pratique-en-3-etapes","status":"publish","type":"post","link":"https:\/\/www.appartement.be\/fr\/concevoir-votre-garage-de-maniere-pratique-en-3-etapes\/","title":{"rendered":"Concevoir votre garage de mani\u00e8re pratique en 3 \u00e9tapes"},"content":{"rendered":"<p><em>Un garage sert non seulement \u00e0 abriter les voitures, mais aussi \u00e0 les ranger. Un garage devient vite un d\u00e9potoir&#8230;. Il est donc utile de r\u00e9fl\u00e9chir \u00e0 un am\u00e9nagement pratique de votre garage. Lisez ici comment organiser votre garage de mani\u00e8re pratique en 3 \u00e9tapes ! L&rsquo;am\u00e9nagement d&rsquo;un garage, c&rsquo;est la fa\u00e7on dont on le fait.    <\/em><\/p>\n<h2>\u00c9tape 1 : D\u00e9finir l&rsquo;objectif du garage<\/h2>\n<p>Avant de penser \u00e0 l&rsquo;am\u00e9nagement de votre garage, il est pr\u00e9f\u00e9rable de r\u00e9fl\u00e9chir \u00e0 ce qu&rsquo;il doit contenir. Souhaitez-vous avoir de la place pour :<\/p>\n<ul>\n<li>une (ou plusieurs) voiture(s) ?<\/li>\n<li>un v\u00e9lo (ou plusieurs) ?<\/li>\n<li>un r\u00e9frig\u00e9rateur et\/ou un cong\u00e9lateur ?<\/li>\n<li>un lave-linge et\/ou un s\u00e8che-linge ?<\/li>\n<li>un \u00e9tabli ?<\/li>\n<li>des outils de jardinage ?<\/li>\n<li>un espace de rangement pour les d\u00e9corations de No\u00ebl, les v\u00eatements d&rsquo;hiver, le mat\u00e9riel de ski, etc.<\/li>\n<\/ul>\n<p>&nbsp;<\/p>\n<p>Ou vous souhaitez utiliser votre garage comme un espace de vie suppl\u00e9mentaire, combin\u00e9 ou non \u00e0 un espace de stockage pour d&rsquo;autres choses. Parmi les exemples d&rsquo;espaces de vie, citons un bureau \u00e0 domicile, un cin\u00e9ma \u00e0 domicile, une salle de loisirs, &#8230; Que comptez-vous faire de cet espace ? La fonction du garage d\u00e9termine l&rsquo;am\u00e9nagement ult\u00e9rieur. Vous envisagez de transformer votre garage (entier) en bureau \u00e0 domicile ? Vous trouverez ici des <a href=\"https:\/\/www.appartement.be\/6-tips-voor-het-inrichten-van-je-home-office\/\">conseils pour l&rsquo;am\u00e9nagement d&rsquo;un bureau \u00e0 domicile<\/a>.   <\/p>\n<figure id=\"attachment_2261\" aria-describedby=\"caption-attachment-2261\" style=\"width: 800px\" class=\"wp-caption aligncenter\"><img loading=\"lazy\" decoding=\"async\" class=\"wp-image-2261 size-large\" src=\"https:\/\/www.appartement.be\/wp-content\/uploads\/2023\/03\/pexels-andrea-piacquadio-3822859-1024x677.jpg\" alt=\"D\u00e9coration de votre garage_Superposition d'outils\" width=\"800\" height=\"529\" srcset=\"https:\/\/www.appartement.be\/wp-content\/uploads\/2023\/03\/pexels-andrea-piacquadio-3822859-1024x677.jpg 1024w, https:\/\/www.appartement.be\/wp-content\/uploads\/2023\/03\/pexels-andrea-piacquadio-3822859-300x198.jpg 300w, https:\/\/www.appartement.be\/wp-content\/uploads\/2023\/03\/pexels-andrea-piacquadio-3822859-768x508.jpg 768w, https:\/\/www.appartement.be\/wp-content\/uploads\/2023\/03\/pexels-andrea-piacquadio-3822859-1536x1016.jpg 1536w, https:\/\/www.appartement.be\/wp-content\/uploads\/2023\/03\/pexels-andrea-piacquadio-3822859-2048x1354.jpg 2048w\" sizes=\"auto, (max-width: 800px) 100vw, 800px\" \/><figcaption id=\"caption-attachment-2261\" class=\"wp-caption-text\">Photo : Outil du syst\u00e8me de suspension<\/figcaption><\/figure>\n<p>&nbsp;<\/p>\n<h2>\u00c9tape 2 : Mesurer et diviser l&rsquo;espace<\/h2>\n<p>Un garage dans lequel une voiture doit entrer doit mesurer au moins 3 m\u00e8tres de large et 5 m\u00e8tres de profondeur. Plus l&rsquo;espace est large et\/ou profond, plus la voiture y trouvera sa place. La hauteur du plafond joue \u00e9galement un r\u00f4le. Nous y reviendrons \u00e0 l&rsquo;\u00e9tape 3. Un petit garage o\u00f9 une voiture doit \u00eatre gar\u00e9e n&rsquo;aura probablement qu&rsquo;un espace de rangement. Dans ce cas, utilisez des \u00e9tag\u00e8res hautes. Vous pouvez y ranger beaucoup de choses. Veillez \u00e0 pouvoir sortir facilement de la voiture. Vous ne voulez pas que la porti\u00e8re s&rsquo;ouvre difficilement parce que l&rsquo;armoire contenant les outils de jardinage prend trop de place. Si vous installez un lave-linge ou un r\u00e9frig\u00e9rateur dans le garage, veillez \u00e0 ce que vous puissiez utiliser les appareils en douceur. Il n&rsquo;y a rien d&rsquo;aussi g\u00eanant que de se faufiler entre eux avec un panier \u00e0 linge \u00e0 la main ou que la porte du r\u00e9frig\u00e9rateur se heurte au r\u00e9troviseur de la voiture. Vous avez heurt\u00e9 votre voiture de toute fa\u00e7on ? <a href=\"https:\/\/tweedehands.auto\/zelf-je-auto-ontdeuken\/\" target=\"_blank\" rel=\"noopener\">Lisez ici comment d\u00e9couvrir votre voiture vous-m\u00eame<\/a>. Soyez r\u00e9aliste quant \u00e0 la place que vous pouvez occuper dans l&rsquo;espace disponible. Vous disposez d&rsquo;un garage de 3 m\u00e8tres sur 6 et vous souhaitez y installer plusieurs v\u00e9los, la voiture et un \u00e9tabli ? Il y a de fortes chances que vous ne puissiez pas sortir la voiture sans la d\u00e9placer et que l&rsquo;\u00e9tabli soit difficile \u00e0 atteindre. Dans ce cas, un abri de jardin, un carport, une cave ou un grenier vous apporteront du r\u00e9confort.   <\/p>\n<p>&nbsp;<\/p>\n<figure id=\"attachment_2259\" aria-describedby=\"caption-attachment-2259\" style=\"width: 683px\" class=\"wp-caption aligncenter\"><img loading=\"lazy\" decoding=\"async\" class=\"wp-image-2259 size-large\" src=\"https:\/\/www.appartement.be\/wp-content\/uploads\/2023\/03\/pexels-rachel-claire-5491040-683x1024.jpg\" alt=\"D\u00e9corer votre garageSyst\u00e8me de suspension pour v\u00e9lo\" width=\"683\" height=\"1024\" srcset=\"https:\/\/www.appartement.be\/wp-content\/uploads\/2023\/03\/pexels-rachel-claire-5491040-683x1024.jpg 683w, https:\/\/www.appartement.be\/wp-content\/uploads\/2023\/03\/pexels-rachel-claire-5491040-200x300.jpg 200w, https:\/\/www.appartement.be\/wp-content\/uploads\/2023\/03\/pexels-rachel-claire-5491040-768x1152.jpg 768w, https:\/\/www.appartement.be\/wp-content\/uploads\/2023\/03\/pexels-rachel-claire-5491040-1024x1536.jpg 1024w, https:\/\/www.appartement.be\/wp-content\/uploads\/2023\/03\/pexels-rachel-claire-5491040-1365x2048.jpg 1365w, https:\/\/www.appartement.be\/wp-content\/uploads\/2023\/03\/pexels-rachel-claire-5491040-scaled.jpg 1707w\" sizes=\"auto, (max-width: 683px) 100vw, 683px\" \/><figcaption id=\"caption-attachment-2259\" class=\"wp-caption-text\">Syst\u00e8me de suspension pour bicyclette<\/figcaption><\/figure>\n<p>&nbsp;<\/p>\n<h2>\u00c9tape 3 : Am\u00e9nager le garage<\/h2>\n<p>Lorsque vous avez une id\u00e9e de l&rsquo;utilisation que vous souhaitez faire de votre garage et de l&rsquo;aspect de l&rsquo;espace, vous \u00eates pr\u00eat \u00e0 proc\u00e9der \u00e0 l&rsquo;am\u00e9nagement proprement dit. Une question est importante : \u00e0 quelle fr\u00e9quence ai-je besoin de quelque chose ? Vous vous rendez au travail \u00e0 v\u00e9lo tous les jours et vous utilisez la voiture surtout le week-end ? Dans ce cas, veillez \u00e0 ce que votre v\u00e9lo puisse sortir rapidement du garage. Vous avez besoin de votre voiture tous les jours ? Dans ce cas, veillez \u00e0 ce qu&rsquo;aucun v\u00e9lo ne vous g\u00eane lorsque vous voulez sortir. Rangez les objets que vous utilisez souvent, tels que les produits d&rsquo;entretien, les outils de jardinage, le mat\u00e9riel de bricolage, dans un placard ouvert \u00e0 hauteur des yeux. Vous pourrez ainsi y acc\u00e9der rapidement. En revanche, les d\u00e9corations de No\u00ebl, les tapis de ski, etc. sont rang\u00e9s dans un conteneur ferm\u00e9, dans la partie la plus haute de l&rsquo;armoire. Vous ne devrez alors monter l&rsquo;\u00e9chelle que quelques fois par an. Votre garage est haut de plafond ? Fixez-y des \u00e9tag\u00e8res pour disposer d&rsquo;un espace de rangement suppl\u00e9mentaire. Stockez les objets dont vous n&rsquo;avez pas besoin rapidement mais que vous souhaitez conserver. En mati\u00e8re de rangement, les options sont aujourd&rsquo;hui infinies. Des armoires encastr\u00e9es aux simples \u00e9tag\u00e8res, il y en a pour tous les budgets. Pensez aussi \u00e0 autre chose qu&rsquo;aux armoires : des crochets au mur, un tableau d&rsquo;affichage, une \u00e9tag\u00e8re murale, un filet au plafond, un tableau magn\u00e9tique, des caisses sur roulettes&#8230; <a href=\"https:\/\/www.ikea.com\/be\/nl\/rooms\/living-room\/how-to\/6-keer-efficient-opbergen-in-de-garage-pub0c50a4a0\" target=\"_blank\" rel=\"noopener\">Chez IKEA<\/a>, vous trouverez des solutions de rangement pour votre garage. <\/p>\n<p>&nbsp;<\/p>\n<figure id=\"attachment_2260\" aria-describedby=\"caption-attachment-2260\" style=\"width: 1024px\" class=\"wp-caption aligncenter\"><img loading=\"lazy\" decoding=\"async\" class=\"wp-image-2260 size-large\" src=\"https:\/\/www.appartement.be\/wp-content\/uploads\/2023\/03\/antonio-manaligod-L-85IBwZuzg-unsplash-1024x576.jpg\" alt=\"D\u00e9coration d'un garage_Panneau\" width=\"1024\" height=\"576\" srcset=\"https:\/\/www.appartement.be\/wp-content\/uploads\/2023\/03\/antonio-manaligod-L-85IBwZuzg-unsplash-1024x576.jpg 1024w, https:\/\/www.appartement.be\/wp-content\/uploads\/2023\/03\/antonio-manaligod-L-85IBwZuzg-unsplash-300x169.jpg 300w, https:\/\/www.appartement.be\/wp-content\/uploads\/2023\/03\/antonio-manaligod-L-85IBwZuzg-unsplash-768x432.jpg 768w, https:\/\/www.appartement.be\/wp-content\/uploads\/2023\/03\/antonio-manaligod-L-85IBwZuzg-unsplash-1536x864.jpg 1536w, https:\/\/www.appartement.be\/wp-content\/uploads\/2023\/03\/antonio-manaligod-L-85IBwZuzg-unsplash-2048x1152.jpg 2048w\" sizes=\"auto, (max-width: 1024px) 100vw, 1024px\" \/><figcaption id=\"caption-attachment-2260\" class=\"wp-caption-text\">Image : Planche \u00e0 d\u00e9couper<\/figcaption><\/figure>\n<p>&nbsp;<\/p>\n<p>En r\u00e9fl\u00e9chissant bien \u00e0 l&rsquo;am\u00e9nagement de votre garage, vous constaterez qu&rsquo;il est moins susceptible de devenir un capharna\u00fcm. Il est logique et adapt\u00e9 \u00e0 vos besoins et \u00e0 vos habitudes. Les objets que vous utilisez souvent sont rapidement accessibles. Les objets que vous n&rsquo;utilisez pas souvent mais que vous souhaitez conserver sont bien rang\u00e9s.   <\/p>\n<p>&nbsp;<\/p>\n<p><b>Vous souhaitez citer cet article comme source ? Utilisez alors : <\/b><\/p>\n<p><i>Biets, R. (2024, 2 novembre). Am\u00e9nager votre garage pratiquement en 3 \u00e9tapes. Flat.be. Consult\u00e9 le (date XX\/XX\/202X), sur https:\/\/www.appartement.be\/praktisch-ingerichte-garage\/   <\/i><\/p>\n<p>&nbsp;<\/p>\n<p><strong>Articles connexes :<\/strong><\/p>\n<ul>\n<li><a href=\"https:\/\/www.appartement.be\/de-juiste-garagepoort-kiezen-een-overzicht\/\">Choisir une porte de garage : Guide de choix<\/a><\/li>\n<li><a href=\"https:\/\/www.appartement.be\/klein-appartement-inrichten-tips\/\">D\u00e9coration d&rsquo;un petit appartement : 8 conseils<\/a><\/li>\n<\/ul>\n","protected":false},"excerpt":{"rendered":"<p>Un garage sert non seulement \u00e0 abriter les voitures, mais aussi \u00e0 les ranger. Un garage devient vite un d\u00e9potoir&#8230;. Il est donc utile de r\u00e9fl\u00e9chir \u00e0 un am\u00e9nagement pratique de votre garage. Lisez ici comment organiser votre garage de mani\u00e8re pratique en 3 \u00e9tapes ! L&rsquo;am\u00e9nagement d&rsquo;un garage, c&rsquo;est la fa\u00e7on dont on le [&hellip;]<\/p>\n","protected":false},"author":5,"featured_media":5951,"comment_status":"closed","ping_status":"closed","sticky":false,"template":"","format":"standard","meta":{"_acf_changed":false,"footnotes":""},"categories":[1137],"tags":[1749,1748,1750,1570,1576,1197,1266,1575,1623,1403,1751],"class_list":["post-6748","post","type-post","status-publish","format-standard","has-post-thumbnail","hentry","category-inspiration","tag-amenagement-dun-petit-garage","tag-amenagement-du-garage","tag-amenagement-du-garage-fr","tag-ameublement","tag-conception","tag-conseils","tag-conseils-fr","tag-decoration","tag-garage-fr","tag-inspiration","tag-magasin"],"acf":[],"_links":{"self":[{"href":"https:\/\/www.appartement.be\/fr\/wp-json\/wp\/v2\/posts\/6748","targetHints":{"allow":["GET"]}}],"collection":[{"href":"https:\/\/www.appartement.be\/fr\/wp-json\/wp\/v2\/posts"}],"about":[{"href":"https:\/\/www.appartement.be\/fr\/wp-json\/wp\/v2\/types\/post"}],"author":[{"embeddable":true,"href":"https:\/\/www.appartement.be\/fr\/wp-json\/wp\/v2\/users\/5"}],"replies":[{"embeddable":true,"href":"https:\/\/www.appartement.be\/fr\/wp-json\/wp\/v2\/comments?post=6748"}],"version-history":[{"count":0,"href":"https:\/\/www.appartement.be\/fr\/wp-json\/wp\/v2\/posts\/6748\/revisions"}],"wp:featuredmedia":[{"embeddable":true,"href":"https:\/\/www.appartement.be\/fr\/wp-json\/wp\/v2\/media\/5951"}],"wp:attachment":[{"href":"https:\/\/www.appartement.be\/fr\/wp-json\/wp\/v2\/media?parent=6748"}],"wp:term":[{"taxonomy":"category","embeddable":true,"href":"https:\/\/www.appartement.be\/fr\/wp-json\/wp\/v2\/categories?post=6748"},{"taxonomy":"post_tag","embeddable":true,"href":"https:\/\/www.appartement.be\/fr\/wp-json\/wp\/v2\/tags?post=6748"}],"curies":[{"name":"wp","href":"https:\/\/api.w.org\/{rel}","templated":true}]}}