{"id":6801,"date":"2024-09-05T16:17:57","date_gmt":"2024-09-05T14:17:57","guid":{"rendered":"https:\/\/www.appartement.be\/la-ville-danvers-lance-le-projet-rozemaai-pour-50-logements-a-loyer-modere-a-ekeren\/"},"modified":"2024-09-05T16:17:57","modified_gmt":"2024-09-05T14:17:57","slug":"la-ville-danvers-lance-le-projet-rozemaai-pour-50-logements-a-loyer-modere-a-ekeren","status":"publish","type":"post","link":"https:\/\/www.appartement.be\/fr\/la-ville-danvers-lance-le-projet-rozemaai-pour-50-logements-a-loyer-modere-a-ekeren\/","title":{"rendered":"La ville d&rsquo;Anvers lance le projet Rozemaai pour 50 logements \u00e0 loyer mod\u00e9r\u00e9 \u00e0 Ekeren"},"content":{"rendered":"<p><strong>La ville d&rsquo;Anvers lance un projet ambitieux de 50 logements \u00e0 loyer mod\u00e9r\u00e9 sur le site de Rozemaai \u00e0 Ekeren. L&rsquo;objectif est de rendre le logement abordable accessible \u00e0 un plus grand nombre d&rsquo;Anversois. La ville vise les personnes qui n&rsquo;ont pas droit \u00e0 un logement social, mais qui ont \u00e9galement des difficult\u00e9s \u00e0 acc\u00e9der au march\u00e9 de la location ou de l&rsquo;achat priv\u00e9. Pour la r\u00e9alisation, AG Vespa, l&rsquo;entreprise municipale autonome pour l&rsquo;immobilier et les projets urbains, organise actuellement un appel d&rsquo;offres.   <\/strong><\/p>\n<p>&nbsp;<\/p>\n<p>La ville d&rsquo;Anvers recherche un <strong>partenaire externe<\/strong> pour ce projet. Celui-ci sera responsable de la <strong>conception, de la <\/strong> <strong>construction, du <\/strong> <strong>financement <\/strong>et de l&rsquo;<strong>entretien<\/strong> du b\u00e2timent. L&rsquo;<strong>attribution <\/strong>des logements se fera ensuite par le biais de la <strong>r\u00e9glementation du budget des loyers de la ville<\/strong>. \u00a0\u00bb <\/p>\n<blockquote><p><em>En tant que ville, nous nous engageons pleinement en faveur du logement abordable\u00a0\u00bb, <\/em>d\u00e9clare Els van Doesburg, \u00e9chevine charg\u00e9e du logement. <em>\u00ab\u00a0Pour les 50 prochaines ann\u00e9es au moins, nous voulons donner ce site en concession \u00e0 un partenaire priv\u00e9, \u00e0 la stricte condition qu&rsquo;il y r\u00e9alise des logements locatifs abordables.<\/em><\/p><\/blockquote>\n<p>E <\/p>\n<blockquote><p> <em>n d\u00e9finissant des lignes claires en tant que ville, auxquelles le secteur priv\u00e9 peut r\u00e9pondre, nous cr\u00e9ons \u00e9galement quelque chose de beau ici pour les Anversois<\/em><\/p><\/blockquote>\n<p>\u00a0\u00bb <\/p>\n<blockquote><p> <em>La<\/em><\/p><\/blockquote>\n<p> ville d&rsquo;Anvers propose d\u00e9j\u00e0 des logements \u00e0 loyer mod\u00e9r\u00e9 dans les<a href=\"https:\/\/www.agvespa.be\/nieuws\/stad-biedt-betaalbare-huurwoningen-aan-gerenoveerde-fierensblokken\" target=\"_blank\" rel=\"noreferrer noopener\">immeubles Fierens r\u00e9nov\u00e9s appartenant \u00e0 AG Vespa<\/a>. De nouvelles maisons \u00e0 loyer mod\u00e9r\u00e9 sont \u00e9galement en cours de construction dans la rue Oudemansstraat.   <\/p>\n<figure id=\"attachment_4230\" aria-describedby=\"caption-attachment-4230\" style=\"width: 800px\" class=\"wp-caption aligncenter\"><img loading=\"lazy\" decoding=\"async\" class=\"wp-image-4230 size-large\" src=\"https:\/\/www.appartement.be\/wp-content\/uploads\/2024\/09\/Budgethuurwoningen_-De-Fierensblokken-%C2%A9-AG-Vespa-Bart-Gosselin-1024x576.png\" alt=\"Location de maisons \u00e0 petit prix_ Les blocs Fierens \u00a9 AG Vespa - Bart Gosselin\" width=\"800\" height=\"450\"><figcaption id=\"caption-attachment-4230\" class=\"wp-caption-text\">Les blocs Fierens \u00a9AG Vespa &#8211; Bart Gosselin<\/figcaption><\/figure>\n<p>&nbsp;<\/p>\n<h4 id=\"50-nieuwe-betaalbare-woningen\">50 nouveaux logements abordables<\/h4>\n<p>Le terrain pr\u00e9vu \u00e0 cet effet sur le site de Rozemaai \u00e0 Ekeren a une superficie totale de 5 450 m\u00b2. C&rsquo;est presque aussi grand qu&rsquo;un terrain de football. Actuellement inexploit\u00e9, ce terrain <strong>pr\u00e9sente de nombreux atouts<\/strong>: situ\u00e9 entre le Rozemaaipark et la r\u00e9serve naturelle Oude Landen, il est proche du centre d&rsquo;Ekeren, de ses voies d&rsquo;acc\u00e8s et des transports en commun.  <\/p>\n<h4 id=\"procedure-en-timing\">Proc\u00e9dure et calendrier<\/h4>\n<p>En tant que pouvoir adjudicateur, AG Vespa commercialise une <strong>concession de travaux<\/strong> pour la r\u00e9alisation de ce projet. Il s&rsquo;agit d&rsquo;une proc\u00e9dure n\u00e9goci\u00e9e avec publication en plusieurs phases : une phase de s\u00e9lection et une phase d&rsquo;attribution. Les partenaires int\u00e9ress\u00e9s peuvent consulter le site <a href=\"https:\/\/www.agvespa.be\/oproepen\/budgethuurwoningen-op-site-rozemaai\" target=\"_blank\" rel=\"noopener\">https:\/\/www.agvespa.be\/oproepen\/budgethuurwoningen-op-site-rozemaai<\/a> pour plus d&rsquo;informations.  <\/p>\n<p>&nbsp;<\/p>\n<figure id=\"attachment_4231\" aria-describedby=\"caption-attachment-4231\" style=\"width: 800px\" class=\"wp-caption aligncenter\"><img loading=\"lazy\" decoding=\"async\" class=\"wp-image-4231 size-large\" src=\"https:\/\/www.appartement.be\/wp-content\/uploads\/2024\/09\/Budgethuurwoningen_-De-Fierensblokken-in-de-Sint-Andrieswijk-%C2%A9-AG-Vespa-Bart-Gosselin-1024x576.png\" alt=\"Logement locatif \u00e9conomique_ Les \u00eelots Fierens dans le quartier Saint-Andries \u00a9 AG Vespa - Bart Gosselin\" width=\"800\" height=\"450\"><figcaption id=\"caption-attachment-4231\" class=\"wp-caption-text\">Les blocs Fierens \u00a9AG Vespa &#8211; Bart Gosselin<\/figcaption><\/figure>\n<p>&nbsp;<\/p>\n<p>Sources : <a href=\"https:\/\/pers.antwerpen.be\/stad-antwerpen-lanceert-project-voor-vijftig-budgethuurwoningen-in-ekeren\" target=\"_blank\" rel=\"noopener\">Press Antwerp<\/a><\/p>\n<p><strong>Vous souhaitez citer cet article comme source ? Utilisez alors : <\/strong><\/p>\n<p><em>Stiasteny, L (2024, 5 septembre). La ville d&rsquo;Anvers lance un projet pour 50 logements \u00e0 loyer mod\u00e9r\u00e9 \u00e0 Ekeren. Flat.be. Consult\u00e9 le (date XX\/XX\/202X), sur https:\/\/www.appartement.be\/stad-antwerpen-lanceert-project-voor-50-budgethuurwoningen-in-ekeren   <\/em><\/p>\n<p>&nbsp;<\/p>\n<p>&nbsp;<\/p>\n<p><strong>Articles connexes :<\/strong><\/p>\n<ul>\n<li><a href=\"https:\/\/www.appartement.be\/ontdek-budgethuren-de-betaalbare-woonoptie\/\">D\u00e9couvrez la location \u00e0 prix mod\u00e9r\u00e9 : l&rsquo;option de logement abordable<\/a><\/li>\n<li><a href=\"https:\/\/www.appartement.be\/goedkope-woonopties-in-het-jaar-2024\/\">Des options de logement bon march\u00e9 en 2024<\/a><\/li>\n<\/ul>\n","protected":false},"excerpt":{"rendered":"<p>La ville d&rsquo;Anvers lance un projet ambitieux de 50 logements \u00e0 loyer mod\u00e9r\u00e9 sur le site de Rozemaai \u00e0 Ekeren. L&rsquo;objectif est de rendre le logement abordable accessible \u00e0 un plus grand nombre d&rsquo;Anversois. La ville vise les personnes qui n&rsquo;ont pas droit \u00e0 un logement social, mais qui ont \u00e9galement des difficult\u00e9s \u00e0 acc\u00e9der [&hellip;]<\/p>\n","protected":false},"author":10,"featured_media":6377,"comment_status":"closed","ping_status":"closed","sticky":false,"template":"","format":"standard","meta":{"_acf_changed":false,"footnotes":""},"categories":[1137],"tags":[1948,1949,1403,1950,1951],"class_list":["post-6801","post","type-post","status-publish","format-standard","has-post-thumbnail","hentry","category-inspiration","tag-anvers","tag-budget-location-maison-anvers","tag-inspiration","tag-maison-de-location-a-petit-prix","tag-ville-danvers"],"acf":[],"_links":{"self":[{"href":"https:\/\/www.appartement.be\/fr\/wp-json\/wp\/v2\/posts\/6801","targetHints":{"allow":["GET"]}}],"collection":[{"href":"https:\/\/www.appartement.be\/fr\/wp-json\/wp\/v2\/posts"}],"about":[{"href":"https:\/\/www.appartement.be\/fr\/wp-json\/wp\/v2\/types\/post"}],"author":[{"embeddable":true,"href":"https:\/\/www.appartement.be\/fr\/wp-json\/wp\/v2\/users\/10"}],"replies":[{"embeddable":true,"href":"https:\/\/www.appartement.be\/fr\/wp-json\/wp\/v2\/comments?post=6801"}],"version-history":[{"count":0,"href":"https:\/\/www.appartement.be\/fr\/wp-json\/wp\/v2\/posts\/6801\/revisions"}],"wp:featuredmedia":[{"embeddable":true,"href":"https:\/\/www.appartement.be\/fr\/wp-json\/wp\/v2\/media\/6377"}],"wp:attachment":[{"href":"https:\/\/www.appartement.be\/fr\/wp-json\/wp\/v2\/media?parent=6801"}],"wp:term":[{"taxonomy":"category","embeddable":true,"href":"https:\/\/www.appartement.be\/fr\/wp-json\/wp\/v2\/categories?post=6801"},{"taxonomy":"post_tag","embeddable":true,"href":"https:\/\/www.appartement.be\/fr\/wp-json\/wp\/v2\/tags?post=6801"}],"curies":[{"name":"wp","href":"https:\/\/api.w.org\/{rel}","templated":true}]}}