{"id":6906,"date":"2019-01-02T08:44:55","date_gmt":"2019-01-02T06:44:55","guid":{"rendered":"https:\/\/www.appartement.be\/nouveau-decret-flamand-sur-le-logement-caution-locative-de-3-mois\/"},"modified":"2019-01-02T08:44:55","modified_gmt":"2019-01-02T06:44:55","slug":"nouveau-decret-flamand-sur-le-logement-caution-locative-de-3-mois","status":"publish","type":"post","link":"https:\/\/www.appartement.be\/fr\/nouveau-decret-flamand-sur-le-logement-caution-locative-de-3-mois\/","title":{"rendered":"Nouveau d\u00e9cret flamand sur le logement &#8211; Caution locative de 3 mois"},"content":{"rendered":"<p><em>\u00c0 partir du 1er janvier 2019, un propri\u00e9taire peut demander une garantie de loyer de trois mois en vertu du nouveau d\u00e9cret flamand sur le logement. Auparavant, une garantie de loyer de deux mois maximum \u00e9tait autoris\u00e9e. Afin que les locataires les plus pauvres puissent \u00e9galement fournir cette garantie de loyer, un pr\u00eat de garantie de loyer anonyme et sans int\u00e9r\u00eat sera introduit en m\u00eame temps. Ces deux points ont \u00e9t\u00e9 fix\u00e9s dans le nouveau d\u00e9cret flamand sur le logement.   <\/em><\/p>\n<p><!--kg-card-begin: html--><\/p>\n<h2>D\u00e9cret flamand sur le logement<\/h2>\n<p><!--kg-card-end: html--><\/p>\n<p>Le nouveau d\u00e9cret flamand sur le logement vise \u00e0 concilier au mieux les int\u00e9r\u00eats des locataires et des propri\u00e9taires. Pour le locataire, la s\u00e9curit\u00e9 du logement est la plus importante, tandis que le propri\u00e9taire souhaite un retour sur investissement. En augmentant la garantie locative de deux \u00e0 trois mois, le propri\u00e9taire r\u00e9duit le risque de dommages locatifs ou de non-paiement. D&rsquo;un autre c\u00f4t\u00e9, une garantie de loyer plus \u00e9lev\u00e9e signifie \u00e9galement un seuil plus \u00e9lev\u00e9 pour les locataires les plus pauvres. C&rsquo;est pourquoi le gouvernement introduit un pr\u00eat de garantie de loyer. <\/p>\n<p><!--kg-card-begin: html--><\/p>\n<h2>Pr\u00eat de garantie de loyer<\/h2>\n<p><img loading=\"lazy\" decoding=\"async\" class=\"aligncenter size-full wp-image-1836\" src=\"https:\/\/www.appartement.be\/wp-content\/uploads\/2019\/01\/pexels-andrea-piacquadio-3760514-scaled.jpg\" alt=\"D\u00e9cret sur le logement\" width=\"2560\" height=\"1884\" srcset=\"https:\/\/www.appartement.be\/wp-content\/uploads\/2019\/01\/pexels-andrea-piacquadio-3760514-scaled.jpg 2560w, https:\/\/www.appartement.be\/wp-content\/uploads\/2019\/01\/pexels-andrea-piacquadio-3760514-300x221.jpg 300w, https:\/\/www.appartement.be\/wp-content\/uploads\/2019\/01\/pexels-andrea-piacquadio-3760514-1024x754.jpg 1024w, https:\/\/www.appartement.be\/wp-content\/uploads\/2019\/01\/pexels-andrea-piacquadio-3760514-768x565.jpg 768w, https:\/\/www.appartement.be\/wp-content\/uploads\/2019\/01\/pexels-andrea-piacquadio-3760514-1536x1130.jpg 1536w, https:\/\/www.appartement.be\/wp-content\/uploads\/2019\/01\/pexels-andrea-piacquadio-3760514-2048x1507.jpg 2048w\" sizes=\"auto, (max-width: 2560px) 100vw, 2560px\" \/><\/p>\n<p><!--kg-card-end: html--><\/p>\n<p>Le pr\u00eat de garantie de loyer est anonyme et sans int\u00e9r\u00eat et permet aux locataires \u00e0 faibles revenus de conclure un contrat de location avec un locataire priv\u00e9, facilitant ainsi l&rsquo;acc\u00e8s au march\u00e9 locatif priv\u00e9. Le pr\u00eat doit \u00eatre demand\u00e9 aupr\u00e8s du Fonds flamand du logement. Pour demander un pr\u00eat de garantie de loyer, le demandeur doit remplir certaines conditions. Par exemple, il ne doit pas \u00eatre propri\u00e9taire d&rsquo;un bien immobilier et doit remplir les conditions de revenus pour un loyer modeste. En principe, le locataire doit rembourser le pr\u00eat en 2 ans, mais ce d\u00e9lai peut \u00eatre prolong\u00e9 de 6 mois. Curieux de conna\u00eetre toutes les dispositions depuis 2019 ? Lisez l&rsquo;int\u00e9gralit\u00e9 du <span style=\"text-decoration: underline;\"><a href=\"https:\/\/www.vlaanderen.be\/publicaties\/het-vlaams-woninghuurdecreet-voor-woninghuurovereenkomsten-gesloten-vanaf-1-januari-2019\" target=\"_blank\" rel=\"noopener\">nouveau d\u00e9cret flamand sur les loyers de logement.<\/a><\/span> Vous envisagez de (re)louer ?  <\/p>\n<p> <span style=\"text-decoration: underline;\"><a href=\"https:\/\/www.appartement.be\/wat-moet-zeker-in-een-huurcontract-staan\/\">Assurez-vous que tout &#8211; y compris le d\u00e9p\u00f4t de garantie ! <\/a><\/span>.<\/p>\n","protected":false},"excerpt":{"rendered":"<p>\u00c0 partir du 1er janvier 2019, un propri\u00e9taire peut demander une garantie de loyer de trois mois en vertu du nouveau d\u00e9cret flamand sur le logement. Auparavant, une garantie de loyer de deux mois maximum \u00e9tait autoris\u00e9e. Afin que les locataires les plus pauvres puissent \u00e9galement fournir cette garantie de loyer, un pr\u00eat de garantie [&hellip;]<\/p>\n","protected":false},"author":2,"featured_media":4753,"comment_status":"closed","ping_status":"closed","sticky":false,"template":"","format":"standard","meta":{"_acf_changed":false,"footnotes":""},"categories":[1157,1133],"tags":[1197,1266,2240,1162,1141,1140,1158,1134],"class_list":["post-6906","post","type-post","status-publish","format-standard","has-post-thumbnail","hentry","category-location","category-louer","tag-conseils","tag-conseils-fr","tag-decret-flamand-sur-les-loyers","tag-flandres","tag-juridique","tag-legislation-fr","tag-location","tag-louer"],"acf":[],"_links":{"self":[{"href":"https:\/\/www.appartement.be\/fr\/wp-json\/wp\/v2\/posts\/6906","targetHints":{"allow":["GET"]}}],"collection":[{"href":"https:\/\/www.appartement.be\/fr\/wp-json\/wp\/v2\/posts"}],"about":[{"href":"https:\/\/www.appartement.be\/fr\/wp-json\/wp\/v2\/types\/post"}],"author":[{"embeddable":true,"href":"https:\/\/www.appartement.be\/fr\/wp-json\/wp\/v2\/users\/2"}],"replies":[{"embeddable":true,"href":"https:\/\/www.appartement.be\/fr\/wp-json\/wp\/v2\/comments?post=6906"}],"version-history":[{"count":0,"href":"https:\/\/www.appartement.be\/fr\/wp-json\/wp\/v2\/posts\/6906\/revisions"}],"wp:featuredmedia":[{"embeddable":true,"href":"https:\/\/www.appartement.be\/fr\/wp-json\/wp\/v2\/media\/4753"}],"wp:attachment":[{"href":"https:\/\/www.appartement.be\/fr\/wp-json\/wp\/v2\/media?parent=6906"}],"wp:term":[{"taxonomy":"category","embeddable":true,"href":"https:\/\/www.appartement.be\/fr\/wp-json\/wp\/v2\/categories?post=6906"},{"taxonomy":"post_tag","embeddable":true,"href":"https:\/\/www.appartement.be\/fr\/wp-json\/wp\/v2\/tags?post=6906"}],"curies":[{"name":"wp","href":"https:\/\/api.w.org\/{rel}","templated":true}]}}