{"id":6915,"date":"2020-01-20T11:51:04","date_gmt":"2020-01-20T09:51:04","guid":{"rendered":"https:\/\/www.appartement.be\/tendances-interieures-2020\/"},"modified":"2020-01-20T11:51:04","modified_gmt":"2020-01-20T09:51:04","slug":"tendances-interieures-2020","status":"publish","type":"post","link":"https:\/\/www.appartement.be\/fr\/tendances-interieures-2020\/","title":{"rendered":"Tendances int\u00e9rieures 2020"},"content":{"rendered":"<p><em>Pr\u00e9parez votre maison pour la nouvelle ann\u00e9e ! Ajout de petits d\u00e9tails ou grands projets de r\u00e9novation ? Laissez-vous inspirer par les tendances de la d\u00e9coration int\u00e9rieure en 2020.  <\/em><\/p>\n<p><!--kg-card-begin: html--><\/p>\n<h2>Un mode de vie respectueux de l&rsquo;environnement<\/h2>\n<p><!--kg-card-end: html--><\/p>\n<p>En mati\u00e8re d&rsquo;int\u00e9rieur, le bien-\u00eatre de notre plan\u00e8te devient aussi un sujet d&rsquo;actualit\u00e9. Optez pour des mat\u00e9riaux durables (\u00e9clairage LED, peinture \u00e0 base de pigments naturels&#8230;), des commer\u00e7ants locaux et des articles d&rsquo;occasion. Investir dans des mat\u00e9riaux durables co\u00fbte un peu plus cher au d\u00e9part, mais s&rsquo;av\u00e8re tr\u00e8s rentable au fil des ans. L&rsquo;achat d&rsquo;occasion, quant \u00e0 lui, est tr\u00e8s \u00e9conomique. Recycler quelque chose que vous avez d\u00e9j\u00e0 chez vous est bien s\u00fbr encore moins cher !    <\/p>\n<p><img loading=\"lazy\" decoding=\"async\" class=\"aligncenter size-full wp-image-1819\" src=\"https:\/\/www.appartement.be\/wp-content\/uploads\/2020\/01\/pexels-vlada-karpovich-4050318-scaled.jpg\" alt=\"Tendances int\u00e9rieures 2020\" width=\"2560\" height=\"1707\" srcset=\"https:\/\/www.appartement.be\/wp-content\/uploads\/2020\/01\/pexels-vlada-karpovich-4050318-scaled.jpg 2560w, https:\/\/www.appartement.be\/wp-content\/uploads\/2020\/01\/pexels-vlada-karpovich-4050318-300x200.jpg 300w, https:\/\/www.appartement.be\/wp-content\/uploads\/2020\/01\/pexels-vlada-karpovich-4050318-1024x683.jpg 1024w, https:\/\/www.appartement.be\/wp-content\/uploads\/2020\/01\/pexels-vlada-karpovich-4050318-768x512.jpg 768w, https:\/\/www.appartement.be\/wp-content\/uploads\/2020\/01\/pexels-vlada-karpovich-4050318-1536x1024.jpg 1536w, https:\/\/www.appartement.be\/wp-content\/uploads\/2020\/01\/pexels-vlada-karpovich-4050318-2048x1365.jpg 2048w\" sizes=\"auto, (max-width: 2560px) 100vw, 2560px\" \/><\/p>\n<h2 class=\"kg-card kg-image-card kg-card-hascaption\"><img decoding=\"async\" class=\"kg-image\" src=\"https:\/\/www.appartement.be\/content\/images\/2020\/01\/ceiling-lighting-80207_1920.jpg\" alt=\"\">Une vie plus intelligente<\/h2>\n<p><!--kg-card-end: html--><\/p>\n<p>En 2020, les technologies modernes font de plus en plus partie de nos foyers. Enceintes intelligentes, r\u00e9frig\u00e9rateurs, miroirs&#8230; s&rsquo;immiscent dans notre quotidien. Ces appareils ne se contentent pas de vous faciliter la vie, ils sont souvent de haute vol\u00e9e en termes de design.  <\/p>\n<figure class=\"kg-card kg-image-card kg-card-hascaption\"><img decoding=\"async\" class=\"kg-image\" src=\"https:\/\/www.appartement.be\/content\/images\/2020\/01\/round-grey-speaker-on-brown-board-1072851.jpg\" alt=\"\"><img loading=\"lazy\" decoding=\"async\" class=\"aligncenter size-full wp-image-1820\" src=\"https:\/\/www.appartement.be\/wp-content\/uploads\/2020\/01\/pexels-john-tekeridis-1072851-scaled.jpg\" alt=\"Tendances int\u00e9rieures 2020\" width=\"2560\" height=\"1707\" srcset=\"https:\/\/www.appartement.be\/wp-content\/uploads\/2020\/01\/pexels-john-tekeridis-1072851-scaled.jpg 2560w, https:\/\/www.appartement.be\/wp-content\/uploads\/2020\/01\/pexels-john-tekeridis-1072851-300x200.jpg 300w, https:\/\/www.appartement.be\/wp-content\/uploads\/2020\/01\/pexels-john-tekeridis-1072851-1024x683.jpg 1024w, https:\/\/www.appartement.be\/wp-content\/uploads\/2020\/01\/pexels-john-tekeridis-1072851-768x512.jpg 768w, https:\/\/www.appartement.be\/wp-content\/uploads\/2020\/01\/pexels-john-tekeridis-1072851-1536x1024.jpg 1536w, https:\/\/www.appartement.be\/wp-content\/uploads\/2020\/01\/pexels-john-tekeridis-1072851-2048x1365.jpg 2048w\" sizes=\"auto, (max-width: 2560px) 100vw, 2560px\" \/><figcaption><\/figcaption><\/figure>\n<p><!--kg-card-begin: html--><\/p>\n<h2>Tendances en mati\u00e8re de d\u00e9coration int\u00e9rieure : mat\u00e9riaux et couleurs naturels<\/h2>\n<p><!--kg-card-end: html--><\/p>\n<p>Toujours \u00ab\u00a0occup\u00e9, occup\u00e9, occup\u00e9\u00a0\u00bb ? Heureusement, la maison est l&rsquo;endroit o\u00f9 l&rsquo;on peut se d\u00e9tendre. Et la meilleure fa\u00e7on de se d\u00e9tendre est d&rsquo;opter pour un int\u00e9rieur \u00e0 la fois tendance et apaisant, avec des couleurs naturelles. Cette ann\u00e9e, nous allons plus loin et les mat\u00e9riaux sont m\u00eame naturels. Pensez au roseau, au bois, au coton, au bambou&#8230; Vous vous sentez d\u00e9j\u00e0 en train de vous d\u00e9tendre ?    <\/p>\n<figure class=\"kg-card kg-image-card kg-card-hascaption\"><img decoding=\"async\" class=\"kg-image\" src=\"https:\/\/www.appartement.be\/content\/images\/2020\/01\/camylla-battani-UCctf6kvtLw-unsplash.jpg\" alt=\"\"><img loading=\"lazy\" decoding=\"async\" class=\"aligncenter size-full wp-image-1818\" src=\"https:\/\/www.appartement.be\/wp-content\/uploads\/2020\/01\/pexels-ann-poan-5849392-scaled.jpg\" alt=\"Tendances int\u00e9rieures 2020\" width=\"2560\" height=\"1707\" srcset=\"https:\/\/www.appartement.be\/wp-content\/uploads\/2020\/01\/pexels-ann-poan-5849392-scaled.jpg 2560w, https:\/\/www.appartement.be\/wp-content\/uploads\/2020\/01\/pexels-ann-poan-5849392-300x200.jpg 300w, https:\/\/www.appartement.be\/wp-content\/uploads\/2020\/01\/pexels-ann-poan-5849392-1024x683.jpg 1024w, https:\/\/www.appartement.be\/wp-content\/uploads\/2020\/01\/pexels-ann-poan-5849392-768x512.jpg 768w, https:\/\/www.appartement.be\/wp-content\/uploads\/2020\/01\/pexels-ann-poan-5849392-1536x1024.jpg 1536w, https:\/\/www.appartement.be\/wp-content\/uploads\/2020\/01\/pexels-ann-poan-5849392-2048x1365.jpg 2048w\" sizes=\"auto, (max-width: 2560px) 100vw, 2560px\" \/><figcaption><\/figcaption><\/figure>\n<p><!--kg-card-begin: html--><\/p>\n<h2>Int\u00e9rieur r\u00e9sistant aux chocs<\/h2>\n<p><!--kg-card-end: html--><\/p>\n<p>En 2020, il se peut que votre personnalit\u00e9 ressorte de votre int\u00e9rieur &#8211; et qu&rsquo;elle soit partag\u00e9e en ligne. Vous voulez vous d\u00e9marquer parmi toutes ces photos ? Mettez en valeur les parties les plus color\u00e9es de votre maison. Remarque importante : restez fid\u00e8le \u00e0 votre propre style. L&rsquo;authenticit\u00e9 deviendra de plus en plus importante \u00e0 l&rsquo;avenir. Dans un monde o\u00f9 tout est possible, restez vous-m\u00eame !     <\/p>\n<figure class=\"kg-card kg-image-card kg-card-hascaption\"><img loading=\"lazy\" decoding=\"async\" class=\"aligncenter size-full wp-image-1817\" src=\"https:\/\/www.appartement.be\/wp-content\/uploads\/2020\/01\/pexels-alina-vilchenko-2117238-scaled.jpg\" alt=\"Tendances int\u00e9rieures 2020\" width=\"2560\" height=\"1707\" srcset=\"https:\/\/www.appartement.be\/wp-content\/uploads\/2020\/01\/pexels-alina-vilchenko-2117238-scaled.jpg 2560w, https:\/\/www.appartement.be\/wp-content\/uploads\/2020\/01\/pexels-alina-vilchenko-2117238-300x200.jpg 300w, https:\/\/www.appartement.be\/wp-content\/uploads\/2020\/01\/pexels-alina-vilchenko-2117238-1024x683.jpg 1024w, https:\/\/www.appartement.be\/wp-content\/uploads\/2020\/01\/pexels-alina-vilchenko-2117238-768x512.jpg 768w, https:\/\/www.appartement.be\/wp-content\/uploads\/2020\/01\/pexels-alina-vilchenko-2117238-1536x1024.jpg 1536w, https:\/\/www.appartement.be\/wp-content\/uploads\/2020\/01\/pexels-alina-vilchenko-2117238-2048x1365.jpg 2048w\" sizes=\"auto, (max-width: 2560px) 100vw, 2560px\" \/><img decoding=\"async\" class=\"kg-image\" src=\"https:\/\/www.appartement.be\/content\/images\/2020\/01\/alexandra-gorn-W5dsm9n6e3g-unsplash.jpg\" alt=\"\"><figcaption><\/figcaption><\/figure>\n<p><!--kg-card-begin: html--><\/p>\n<h2>Tendances int\u00e9rieures : L&rsquo;int\u00e9rieur est \u00e0 l&rsquo;ext\u00e9rieur<\/h2>\n<p><!--kg-card-end: html--><\/p>\n<p>Les plantes dans la maison sont une tendance depuis un certain temps, tout comme les empreintes d&rsquo;animaux. En 2020, nous introduisons \u00e0 nouveau la nature et ses habitants \u00e0 l&rsquo;int\u00e9rieur, mais sous une forme diff\u00e9rente. Les plumes, les (fausses) peaux d&rsquo;animaux, le cuir&#8230; sont \u00e9galement <em>bestiaux<\/em>, mais ils sont plus subtilement mis en avant dans votre int\u00e9rieur. Les fleurs et les plantes ne se trouvent pas seulement dans des vases ou des pots, mais aussi dans des imprim\u00e9s !   <\/p>\n<p><img loading=\"lazy\" decoding=\"async\" class=\"aligncenter size-full wp-image-1816\" src=\"https:\/\/www.appartement.be\/wp-content\/uploads\/2020\/01\/pexels-ksenia-chernaya-8753032-scaled.jpg\" alt=\"Tendances int\u00e9rieures 2020\" width=\"2560\" height=\"1709\" srcset=\"https:\/\/www.appartement.be\/wp-content\/uploads\/2020\/01\/pexels-ksenia-chernaya-8753032-scaled.jpg 2560w, https:\/\/www.appartement.be\/wp-content\/uploads\/2020\/01\/pexels-ksenia-chernaya-8753032-300x200.jpg 300w, https:\/\/www.appartement.be\/wp-content\/uploads\/2020\/01\/pexels-ksenia-chernaya-8753032-1024x684.jpg 1024w, https:\/\/www.appartement.be\/wp-content\/uploads\/2020\/01\/pexels-ksenia-chernaya-8753032-768x513.jpg 768w, https:\/\/www.appartement.be\/wp-content\/uploads\/2020\/01\/pexels-ksenia-chernaya-8753032-1536x1025.jpg 1536w, https:\/\/www.appartement.be\/wp-content\/uploads\/2020\/01\/pexels-ksenia-chernaya-8753032-2048x1367.jpg 2048w\" sizes=\"auto, (max-width: 2560px) 100vw, 2560px\" \/><\/p>\n<figure class=\"kg-card kg-image-card kg-card-hascaption\"><img loading=\"lazy\" decoding=\"async\" class=\"aligncenter size-full wp-image-1814\" src=\"https:\/\/www.appartement.be\/wp-content\/uploads\/2020\/01\/pexels-designecologist-1248582-scaled.jpg\" alt=\"Tendances int\u00e9rieures 2020\" width=\"2560\" height=\"1707\" srcset=\"https:\/\/www.appartement.be\/wp-content\/uploads\/2020\/01\/pexels-designecologist-1248582-scaled.jpg 2560w, https:\/\/www.appartement.be\/wp-content\/uploads\/2020\/01\/pexels-designecologist-1248582-300x200.jpg 300w, https:\/\/www.appartement.be\/wp-content\/uploads\/2020\/01\/pexels-designecologist-1248582-1024x683.jpg 1024w, https:\/\/www.appartement.be\/wp-content\/uploads\/2020\/01\/pexels-designecologist-1248582-768x512.jpg 768w, https:\/\/www.appartement.be\/wp-content\/uploads\/2020\/01\/pexels-designecologist-1248582-1536x1024.jpg 1536w, https:\/\/www.appartement.be\/wp-content\/uploads\/2020\/01\/pexels-designecologist-1248582-2048x1365.jpg 2048w\" sizes=\"auto, (max-width: 2560px) 100vw, 2560px\" \/><figcaption><\/figcaption><\/figure>\n<p>Vous n&rsquo;\u00eates pas s\u00fbr d&rsquo;avoir assez de place pour appliquer toutes les tendances ? Alors inspirez-vous de nos <a href=\"https:\/\/www.appartement.be\/klein-appartement-inrichten-tips\/\">7 conseils pour d\u00e9corer un petit appartement<\/a>. <\/p>\n","protected":false},"excerpt":{"rendered":"<p>Pr\u00e9parez votre maison pour la nouvelle ann\u00e9e ! Ajout de petits d\u00e9tails ou grands projets de r\u00e9novation ? Laissez-vous inspirer par les tendances de la d\u00e9coration int\u00e9rieure en 2020. Un mode de vie respectueux de l&rsquo;environnement En mati\u00e8re d&rsquo;int\u00e9rieur, le bien-\u00eatre de notre plan\u00e8te devient aussi un sujet d&rsquo;actualit\u00e9. Optez pour des mat\u00e9riaux durables (\u00e9clairage [&hellip;]<\/p>\n","protected":false},"author":5,"featured_media":4771,"comment_status":"closed","ping_status":"closed","sticky":false,"template":"","format":"standard","meta":{"_acf_changed":false,"footnotes":""},"categories":[1137],"tags":[2243,1197,1266,1403,2024,2185,2252],"class_list":["post-6915","post","type-post","status-publish","format-standard","has-post-thumbnail","hentry","category-inspiration","tag-2020-fr","tag-conseils","tag-conseils-fr","tag-inspiration","tag-tendances","tag-tendances-interieures","tag-tendances-interieures-2020"],"acf":[],"_links":{"self":[{"href":"https:\/\/www.appartement.be\/fr\/wp-json\/wp\/v2\/posts\/6915","targetHints":{"allow":["GET"]}}],"collection":[{"href":"https:\/\/www.appartement.be\/fr\/wp-json\/wp\/v2\/posts"}],"about":[{"href":"https:\/\/www.appartement.be\/fr\/wp-json\/wp\/v2\/types\/post"}],"author":[{"embeddable":true,"href":"https:\/\/www.appartement.be\/fr\/wp-json\/wp\/v2\/users\/5"}],"replies":[{"embeddable":true,"href":"https:\/\/www.appartement.be\/fr\/wp-json\/wp\/v2\/comments?post=6915"}],"version-history":[{"count":0,"href":"https:\/\/www.appartement.be\/fr\/wp-json\/wp\/v2\/posts\/6915\/revisions"}],"wp:featuredmedia":[{"embeddable":true,"href":"https:\/\/www.appartement.be\/fr\/wp-json\/wp\/v2\/media\/4771"}],"wp:attachment":[{"href":"https:\/\/www.appartement.be\/fr\/wp-json\/wp\/v2\/media?parent=6915"}],"wp:term":[{"taxonomy":"category","embeddable":true,"href":"https:\/\/www.appartement.be\/fr\/wp-json\/wp\/v2\/categories?post=6915"},{"taxonomy":"post_tag","embeddable":true,"href":"https:\/\/www.appartement.be\/fr\/wp-json\/wp\/v2\/tags?post=6915"}],"curies":[{"name":"wp","href":"https:\/\/api.w.org\/{rel}","templated":true}]}}