{"id":6927,"date":"2021-01-01T07:00:14","date_gmt":"2021-01-01T05:00:14","guid":{"rendered":"https:\/\/www.appartement.be\/changements-dans-le-secteur-du-logement-en-2021\/"},"modified":"2021-01-01T07:00:14","modified_gmt":"2021-01-01T05:00:14","slug":"changements-dans-le-secteur-du-logement-en-2021","status":"publish","type":"post","link":"https:\/\/www.appartement.be\/fr\/changements-dans-le-secteur-du-logement-en-2021\/","title":{"rendered":"Changements dans le secteur du logement en 2021"},"content":{"rendered":"<p><em>Nouvelle ann\u00e9e, nouvelle l\u00e9gislation ! Pour ne pas perdre la face, voici un aper\u00e7u pratique de tous les changements relatifs \u00e0 l&rsquo;habitation et \u00e0 la (re)construction qui entreront en vigueur \u00e0 partir du 1er janvier 2021. <\/em><\/p>\n<p><!--kg-card-begin: html--><\/p>\n<h2>1. Facture d&rsquo;\u00e9lectricit\u00e9 de votre domicile<\/h2>\n<p><!--kg-card-end: html-->  \u00c0 partir du 1er janvier 2021, nous verrons quelques changements sur notre facture d&rsquo;\u00e9lectricit\u00e9. Par exemple, la contribution que nous payons aux r\u00e9seaux de distribution diminuera en 2021, de 4 % en moyenne. Nous payons cette contribution pour l&rsquo;entretien et la construction des r\u00e9seaux d&rsquo;\u00e9lectricit\u00e9. Pour le gaz naturel, la contribution augmente l\u00e9g\u00e8rement, mais la plupart des m\u00e9nages flamands peuvent s&rsquo;attendre \u00e0 payer une facture d&rsquo;\u00e9lectricit\u00e9 moins \u00e9lev\u00e9e l&rsquo;ann\u00e9e prochaine. En outre, le tarif de nuit sera progressivement supprim\u00e9 en 2021. Cela concernera quelque 140 000 m\u00e9nages qui, par exemple, chauffent leur maison en chargeant des accumulateurs \u00e9lectriques pendant la nuit. Pour r\u00e9duire l&rsquo;impact sur la facture, le gouvernement flamand propose d&rsquo;augmenter les primes pour l&rsquo;isolation des toits, des sols, des murs et des pompes \u00e0 chaleur. \u00c0 partir de 2022, la distinction entre les tarifs de jour et de nuit sera compl\u00e8tement supprim\u00e9e.         <!--kg-card-begin: html--><\/p>\n<h2>2. Des sanctions plus lourdes pour les d\u00e9tecteurs de fum\u00e9e<\/h2>\n<p><!--kg-card-end: html-->  Depuis l&rsquo;ann\u00e9e derni\u00e8re, il est obligatoire d&rsquo;installer un d\u00e9tecteur de fum\u00e9e dans la maison. Un an plus tard, l&rsquo;absence de d\u00e9tecteur de fum\u00e9e dans l&rsquo;habitation sera sanctionn\u00e9e plus lourdement. Ainsi, votre logement pourra \u00eatre d\u00e9clar\u00e9 insalubre et\/ou inhabitable. Cela a de s\u00e9rieuses implications pour la location ou l&rsquo;occupation de la propri\u00e9t\u00e9. Le fait d&rsquo;\u00eatre en r\u00e8gle avec vos d\u00e9tecteurs de fum\u00e9e dans la maison ne sauve pas seulement des vies, mais peut aussi vous \u00e9pargner beaucoup d&rsquo;argent et d&rsquo;ennuis. Veillez \u00e0 v\u00e9rifier que vos <span style=\"text-decoration: underline;\"><a href=\"https:\/\/www.appartement.be\/nieuwe-wetgeving-rookmelder\/\">d\u00e9tecteurs de fum\u00e9e remplissent les conditions requises<\/a><\/span>. Locataire ou propri\u00e9taire d&rsquo;un appartement ou d&rsquo;une maison ? Vous trouverez ici un<span style=\"text-decoration: underline;\"> <a href=\"https:\/\/www.appartement.be\/wie-is-er-verantwoordelijk-als-er-brand-uitbreekt-in-mijn-huurappartement\/\">un aper\u00e7u pratique des responsabilit\u00e9s de chacun en mati\u00e8re de d\u00e9tecteurs de fum\u00e9e et d&rsquo;assurance incendie.<\/a> <\/span>en mati\u00e8re de d\u00e9tecteurs de fum\u00e9e et d&rsquo;assurance incendie.         <!--kg-card-begin: html--><\/p>\n<h2>3. Les nouvelles habitations deviennent plus efficaces sur le plan \u00e9nerg\u00e9tique<\/h2>\n<p><!--kg-card-end: html-->  Les demandes de permis de construire introduites \u00e0 partir du 1er janvier 2021 seront soumises \u00e0 une exigence d&rsquo;efficacit\u00e9 \u00e9nerg\u00e9tique plus \u00e9lev\u00e9e. En 2020, il s&rsquo;agissait encore du niveau \u00e9nerg\u00e9tique maximal 35, ou E35, mais il passera \u00e0 un niveau maximal E30. Cela signifie que les nouvelles habitations devront \u00eatre inf\u00e9rieures \u00e0 la norme <span style=\"text-decoration: underline;\"><a href=\"https:\/\/www.appartement.be\/wat-is-een-ben-woning\/\">norme BEN<\/a><\/span> (\u00ab\u00a0presque neutre sur le plan \u00e9nerg\u00e9tique\u00a0\u00bb). Plus le score E est bas, moins vous consommez d&rsquo;\u00e9nergie pour l&rsquo;isolation, le chauffage, le refroidissement et la ventilation. En outre, l&rsquo;\u00e9nergie n\u00e9cessaire est souvent verte. L&rsquo;Europe souhaite ainsi lutter contre le changement climatique et rendre la population moins d\u00e9pendante des combustibles fossiles.       <!--kg-card-begin: html--><\/p>\n<h2>4. R\u00e9duction de la TVA sur les travaux de d\u00e9molition et de construction<\/h2>\n<p><!--kg-card-end: html-->  \u00c0 l&rsquo;origine, un taux de TVA de 21 % s&rsquo;applique aux travaux de d\u00e9molition et de reconstruction, mais il sera r\u00e9duit \u00e0 6 % au cours de la p\u00e9riode comprise entre le 1er janvier 2021 et le 31 d\u00e9cembre 2022. Cet all\u00e9gement fiscal a \u00e9t\u00e9 d\u00e9cid\u00e9 en raison de la crise de la corona : il incitera les gens \u00e0 r\u00e9nover leur logement \u00e0 moindre co\u00fbt. D\u00e9couvrez les conditions d&rsquo;application de la TVA r\u00e9duite. Toute personne qui ach\u00e8te une maison ou un appartement et le r\u00e9nove \u00e9nergiquement dans les 5 ans b\u00e9n\u00e9ficiera d&rsquo;un taux d&rsquo;enregistrement r\u00e9duit de 5 % sur le prix d&rsquo;achat \u00e0 partir du 1er janvier 2021. Vous trouverez toutes les informations pratiques <span style=\"text-decoration: underline;\"><a href=\"https:\/\/www.energiesparen.be\/verlaagde-registratierechten-ier#:~:text=tarief%20van%205%25.-,Tarief,registratierechten%20op%20de%20aankoopsom%20betalen\" target=\"_blank\" rel=\"noopener\">ici<\/a><\/span>.      <!--kg-card-begin: html--><\/p>\n<h2>5. Chaudi\u00e8res \u00e0 mazout interdites dans les nouvelles constructions<\/h2>\n<p><!--kg-card-end: html-->  \u00c0 partir de 2021, il sera interdit d&rsquo;installer une chaudi\u00e8re \u00e0 mazout comme appareil de chauffage dans une maison nouvellement construite ou lors d&rsquo;une r\u00e9novation \u00e9nerg\u00e9tique importante. Attention : les personnes qui disposent encore d&rsquo;une chaudi\u00e8re \u00e0 mazout \u00e0 la maison ne doivent pas la remplacer activement. Toutefois, si votre chaudi\u00e8re \u00e0 mazout tombe en panne et que vous avez donc besoin d&rsquo;un nouvel appareil de chauffage, celui-ci doit r\u00e9pondre \u00e0 certaines exigences minimales. Les alternatives \u00e0 votre chaudi\u00e8re \u00e0 mazout sont une chaudi\u00e8re \u00e0 condensation, une pompe \u00e0 chaleur ou une chaudi\u00e8re solaire.     <!--kg-card-begin: html--><\/p>\n<h2>6. Panneaux solaires : fin du compteur invers\u00e9<\/h2>\n<p><!--kg-card-end: html-->  Les personnes qui ont fait installer des panneaux solaires en 2020 pouvaient opter pour le syst\u00e8me de compteur invers\u00e9 (votre compteur tourne \u00e0 l&rsquo;envers lorsque vos panneaux solaires produisent de l&rsquo;\u00e9nergie). \u00c0 partir du 1er janvier 2021, cela ne sera plus possible. Pour compenser cet avantage financier, le gouvernement flamand pr\u00e9voit une prime \u00e0 l&rsquo;investissement dans des panneaux solaires \u00e0 partir de 2021. La prime pr\u00e9vue s&rsquo;\u00e9l\u00e8ve \u00e0 un maximum de 1.500 euros. Elle diminuera chaque ann\u00e9e entre 2021 et 2024 et sera supprim\u00e9e en 2025. Pour b\u00e9n\u00e9ficier de cette prime, vous devez <span style=\"text-decoration: underline;\"><a href=\"https:\/\/www.energiesparen.be\/premie-voor-zonnepanelen-2021\" target=\"_blank\" rel=\"noopener\">remplir certaines conditions<\/a><\/span>. &nbsp; Sources : <a href=\"https:\/\/www.vlaanderen.be\/belastingen-en-begroting\/vlaamse-belastingen\/registratiebelasting\/verkooprecht\/tarieven-in-het-verkooprecht\/aanvullend-verlaagd-tarief-voor-de-aankoop-van-de-enige-eigen-woning-met-verbintenis-tot-ingrijpende-energetische-renovatie\" target=\"_blank\" rel=\"noopener\">Flandre<\/a>     <\/p>\n<p><strong>Vous souhaitez citer cet article comme source ? Utilisez alors : <\/strong><\/p>\n<p><em>Biets, R. (2021, 1er janvier). Changements dans le secteur du logement en 2021. Flat.com. Consult\u00e9 le (date XX\/XX\/202X), sur https:\/\/www.appartement.be\/wat-verandert-1-januari-2021-voor-woning\/   <\/em><\/p>\n","protected":false},"excerpt":{"rendered":"<p>Nouvelle ann\u00e9e, nouvelle l\u00e9gislation ! Pour ne pas perdre la face, voici un aper\u00e7u pratique de tous les changements relatifs \u00e0 l&rsquo;habitation et \u00e0 la (re)construction qui entreront en vigueur \u00e0 partir du 1er janvier 2021. 1. Facture d&rsquo;\u00e9lectricit\u00e9 de votre domicile \u00c0 partir du 1er janvier 2021, nous verrons quelques changements sur notre facture [&hellip;]<\/p>\n","protected":false},"author":5,"featured_media":4777,"comment_status":"closed","ping_status":"closed","sticky":false,"template":"","format":"standard","meta":{"_acf_changed":false,"footnotes":""},"categories":[1138,1157,1133],"tags":[2280,2281,1197,1266,1141,1140,1158,1134],"class_list":["post-6927","post","type-post","status-publish","format-standard","has-post-thumbnail","hentry","category-acheter","category-location","category-louer","tag-changements-dans-la-maison","tag-changements-dans-le-logement-2021","tag-conseils","tag-conseils-fr","tag-juridique","tag-legislation-fr","tag-location","tag-louer"],"acf":[],"_links":{"self":[{"href":"https:\/\/www.appartement.be\/fr\/wp-json\/wp\/v2\/posts\/6927","targetHints":{"allow":["GET"]}}],"collection":[{"href":"https:\/\/www.appartement.be\/fr\/wp-json\/wp\/v2\/posts"}],"about":[{"href":"https:\/\/www.appartement.be\/fr\/wp-json\/wp\/v2\/types\/post"}],"author":[{"embeddable":true,"href":"https:\/\/www.appartement.be\/fr\/wp-json\/wp\/v2\/users\/5"}],"replies":[{"embeddable":true,"href":"https:\/\/www.appartement.be\/fr\/wp-json\/wp\/v2\/comments?post=6927"}],"version-history":[{"count":0,"href":"https:\/\/www.appartement.be\/fr\/wp-json\/wp\/v2\/posts\/6927\/revisions"}],"wp:featuredmedia":[{"embeddable":true,"href":"https:\/\/www.appartement.be\/fr\/wp-json\/wp\/v2\/media\/4777"}],"wp:attachment":[{"href":"https:\/\/www.appartement.be\/fr\/wp-json\/wp\/v2\/media?parent=6927"}],"wp:term":[{"taxonomy":"category","embeddable":true,"href":"https:\/\/www.appartement.be\/fr\/wp-json\/wp\/v2\/categories?post=6927"},{"taxonomy":"post_tag","embeddable":true,"href":"https:\/\/www.appartement.be\/fr\/wp-json\/wp\/v2\/tags?post=6927"}],"curies":[{"name":"wp","href":"https:\/\/api.w.org\/{rel}","templated":true}]}}