{"id":6936,"date":"2021-12-23T14:52:33","date_gmt":"2021-12-23T12:52:33","guid":{"rendered":"https:\/\/www.appartement.be\/tendances-interieures-2022\/"},"modified":"2021-12-23T14:52:33","modified_gmt":"2021-12-23T12:52:33","slug":"tendances-interieures-2022","status":"publish","type":"post","link":"https:\/\/www.appartement.be\/fr\/tendances-interieures-2022\/","title":{"rendered":"Tendances int\u00e9rieures 2022"},"content":{"rendered":"<p><em>Un tout nouveau look pour votre int\u00e9rieur afin de commencer la nouvelle ann\u00e9e en beaut\u00e9 ? Nous avons r\u00e9pertori\u00e9 pour vous les meilleures tendances en mati\u00e8re de d\u00e9coration d&rsquo;int\u00e9rieur ! <\/em><\/p>\n<h2 id=\"retro\">Tendances de la d\u00e9coration d&rsquo;int\u00e9rieur : RETRO<\/h2>\n<p>Le look r\u00e9tro revient en force en 2022. Mais avec un peu plus de modernit\u00e9. La couleur orange, qui \u00e9tait abondamment utilis\u00e9e dans cette tendance, est d\u00e9sormais remplac\u00e9e par la couleur \u00ab\u00a0terra\u00a0\u00bb. Il s&rsquo;agit d&rsquo;une nuance d&rsquo;orange plus douce que vous oserez peut-\u00eatre utiliser plus rapidement que l&rsquo;orange plus vif du pass\u00e9. Ce look se caract\u00e9rise par des motifs gais, des si\u00e8ges et des chaises aux imprim\u00e9s floraux et des papiers peints g\u00e9om\u00e9triques. L\u00e0 o\u00f9 vous aviez l&rsquo;habitude d&rsquo;utiliser des chutes de papier peint, nous optons aujourd&rsquo;hui plus souvent pour le mur de lattes. Les pois font \u00e9galement leur retour dans nos salons. Avec le look r\u00e9tro, vous cr\u00e9ez un espace cosy et chaleureux.   <\/p>\n<p><img loading=\"lazy\" decoding=\"async\" class=\"aligncenter wp-image-1705 size-full\" src=\"https:\/\/www.appartement.be\/wp-content\/uploads\/2021\/12\/nguyen-dang-hoang-nhu-29h_Zx5CD18-unsplash-scaled.jpg\" alt=\"Int\u00e9rieur r\u00e9tro\" width=\"2560\" height=\"1707\" srcset=\"https:\/\/www.appartement.be\/wp-content\/uploads\/2021\/12\/nguyen-dang-hoang-nhu-29h_Zx5CD18-unsplash-scaled.jpg 2560w, https:\/\/www.appartement.be\/wp-content\/uploads\/2021\/12\/nguyen-dang-hoang-nhu-29h_Zx5CD18-unsplash-300x200.jpg 300w, https:\/\/www.appartement.be\/wp-content\/uploads\/2021\/12\/nguyen-dang-hoang-nhu-29h_Zx5CD18-unsplash-1024x683.jpg 1024w, https:\/\/www.appartement.be\/wp-content\/uploads\/2021\/12\/nguyen-dang-hoang-nhu-29h_Zx5CD18-unsplash-768x512.jpg 768w, https:\/\/www.appartement.be\/wp-content\/uploads\/2021\/12\/nguyen-dang-hoang-nhu-29h_Zx5CD18-unsplash-1536x1024.jpg 1536w, https:\/\/www.appartement.be\/wp-content\/uploads\/2021\/12\/nguyen-dang-hoang-nhu-29h_Zx5CD18-unsplash-2048x1365.jpg 2048w\" sizes=\"auto, (max-width: 2560px) 100vw, 2560px\" \/><\/p>\n<h2><\/h2>\n<h2 id=\"retro\">Tendances de la d\u00e9coration d&rsquo;int\u00e9rieur : URBAN NINETIES<\/h2>\n<p>Vous avez aussi besoin de nostalgie ? N&rsquo;h\u00e9sitez pas \u00e0 utiliser cette tendance comme excuse pour ressusciter tous les objets d&rsquo;int\u00e9rieur amusants des <em>bonnes vieilles ann\u00e9es quatre-vingt-dix<\/em>. Couleurs n\u00e9on, imprim\u00e9s graphiques et accessoires accrocheurs. Tout est possible. Ajoutez un \u00e9l\u00e9ment urbain en utilisant des graffitis, du b\u00e9ton, de l&rsquo;acier et des \u00e9l\u00e9ments graphiques tels que des bo\u00eetes lumineuses, des lettres et des chiffres.   <\/p>\n<p><img loading=\"lazy\" decoding=\"async\" class=\"aligncenter wp-image-1706 size-full\" src=\"https:\/\/www.appartement.be\/wp-content\/uploads\/2021\/12\/pexels-aleksandar-pasaric-1820770-scaled.jpg\" alt=\"Int\u00e9rieur urbain des ann\u00e9es 90\" width=\"2560\" height=\"1707\" srcset=\"https:\/\/www.appartement.be\/wp-content\/uploads\/2021\/12\/pexels-aleksandar-pasaric-1820770-scaled.jpg 2560w, https:\/\/www.appartement.be\/wp-content\/uploads\/2021\/12\/pexels-aleksandar-pasaric-1820770-300x200.jpg 300w, https:\/\/www.appartement.be\/wp-content\/uploads\/2021\/12\/pexels-aleksandar-pasaric-1820770-1024x683.jpg 1024w, https:\/\/www.appartement.be\/wp-content\/uploads\/2021\/12\/pexels-aleksandar-pasaric-1820770-768x512.jpg 768w, https:\/\/www.appartement.be\/wp-content\/uploads\/2021\/12\/pexels-aleksandar-pasaric-1820770-1536x1024.jpg 1536w, https:\/\/www.appartement.be\/wp-content\/uploads\/2021\/12\/pexels-aleksandar-pasaric-1820770-2048x1365.jpg 2048w\" sizes=\"auto, (max-width: 2560px) 100vw, 2560px\" \/><\/p>\n<h2 id=\"retro\">Tendances de la d\u00e9coration int\u00e9rieure : DURABLE<\/h2>\n<p>Le fait que nous r\u00e9fl\u00e9chissions plus souvent \u00e0 ce que nous mangeons et \u00e0 ce que nous portons n&rsquo;est pas nouveau. Mais m\u00eame dans nos int\u00e9rieurs, nous sommes de plus en plus nombreux \u00e0 opter pour le d\u00e9veloppement durable. Vous voulez un look durable ? Dans ce cas, examinez attentivement les mat\u00e9riaux que vous allez utiliser. Le cuir de myc\u00e9lium, les mat\u00e9riaux fabriqu\u00e9s \u00e0 partir de bouteilles en PET, le feutre, le bambou et le rotin sont de bons exemples de mat\u00e9riaux. Vous aimez utiliser le bois ? Dans ce cas, le bois de manguier est une bonne option pour vous. En effet, le bois de mangue est un sous-produit de la culture des fruits. Ce que vous ne savez peut-\u00eatre pas tout de suite, c&rsquo;est que la peinture est \u00e9galement tr\u00e8s polluante et peut contenir des substances dangereuses. Heureusement, il existe aujourd&rsquo;hui des marques qui proposent des peintures durables. Quelques exemples :    <\/p>\n<ul>\n<li><span style=\"text-decoration: underline;\"><a href=\"https:\/\/fairf.nl\/duurzame-verf\/\" target=\"_blank\" rel=\"noopener\">Fairf<\/a><\/span><\/li>\n<li><span style=\"text-decoration: underline;\"><a href=\"https:\/\/www.littlegreene.com\/\" target=\"_blank\" rel=\"noopener\">Petit Greene<\/a><\/span><\/li>\n<\/ul>\n<p>Quels sont les autres \u00e9l\u00e9ments auxquels vous devez penser lorsque vous choisissez des meubles ?<\/p>\n<ul>\n<li>Choisissez la qualit\u00e9.<\/li>\n<li>Pouvez-vous modifier\/peindre\/&#8230; vos vieux meubles pour qu&rsquo;ils redeviennent comme neufs ? Cela vous permettra \u00e9galement d&rsquo;\u00e9conomiser de l&rsquo;argent. C&rsquo;est une bonne id\u00e9e.  <\/li>\n<li>N&rsquo;achetez pas de mani\u00e8re impulsive, mais r\u00e9fl\u00e9chissez-y un moment (l&rsquo;article correspond-il \u00e0 votre style ?).<\/li>\n<\/ul>\n<p>&nbsp;<\/p>\n<p><img loading=\"lazy\" decoding=\"async\" class=\"aligncenter wp-image-1707 size-full\" src=\"https:\/\/www.appartement.be\/wp-content\/uploads\/2021\/12\/patrick-perkins-3wylDrjxH-E-unsplash-scaled.jpg\" alt=\"  Int\u00e9rieur durable\" width=\"2560\" height=\"1905\" srcset=\"https:\/\/www.appartement.be\/wp-content\/uploads\/2021\/12\/patrick-perkins-3wylDrjxH-E-unsplash-scaled.jpg 2560w, https:\/\/www.appartement.be\/wp-content\/uploads\/2021\/12\/patrick-perkins-3wylDrjxH-E-unsplash-300x223.jpg 300w, https:\/\/www.appartement.be\/wp-content\/uploads\/2021\/12\/patrick-perkins-3wylDrjxH-E-unsplash-1024x762.jpg 1024w, https:\/\/www.appartement.be\/wp-content\/uploads\/2021\/12\/patrick-perkins-3wylDrjxH-E-unsplash-768x571.jpg 768w, https:\/\/www.appartement.be\/wp-content\/uploads\/2021\/12\/patrick-perkins-3wylDrjxH-E-unsplash-1536x1143.jpg 1536w, https:\/\/www.appartement.be\/wp-content\/uploads\/2021\/12\/patrick-perkins-3wylDrjxH-E-unsplash-2048x1524.jpg 2048w\" sizes=\"auto, (max-width: 2560px) 100vw, 2560px\" \/><\/p>\n<h2><\/h2>\n<h2 id=\"retro\">Tendances de la d\u00e9coration d&rsquo;int\u00e9rieur : DES MEUBLES INTELLIGENTS<\/h2>\n<p>Ces derni\u00e8res ann\u00e9es, nous sommes de plus en plus souvent chez nous pour travailler, mais aussi pour nous d\u00e9tendre. Nos meubles s&rsquo;adaptent \u00e9galement \u00e0 notre nouvelle vie, et certains d&rsquo;entre eux portent le nom de \u00ab\u00a0meubles intelligents\u00a0\u00bb. Mais qu&rsquo;est-ce que cela signifie exactement ? Les meubles intelligents se reconnaissent g\u00e9n\u00e9ralement \u00e0 leur fonction technologique int\u00e9gr\u00e9e. Pensez aux ports de charge USB, aux haut-parleurs et aux \u00e9crans tactiles, par exemple. Anno 2022, bien s\u00fbr, les objets doivent aussi \u00eatre \u00e9l\u00e9gants. Heureusement, les concepteurs de meubles intelligents (ou du moins la plupart d&rsquo;entre eux) en tiennent compte.  <\/p>\n<p><img loading=\"lazy\" decoding=\"async\" class=\"aligncenter size-full wp-image-1709\" src=\"https:\/\/www.appartement.be\/wp-content\/uploads\/2021\/12\/loewe-technology-yHihfjIOsgQ-unsplash-scaled.jpg\" alt=\"Maison intelligente\" width=\"2560\" height=\"1921\" srcset=\"https:\/\/www.appartement.be\/wp-content\/uploads\/2021\/12\/loewe-technology-yHihfjIOsgQ-unsplash-scaled.jpg 2560w, https:\/\/www.appartement.be\/wp-content\/uploads\/2021\/12\/loewe-technology-yHihfjIOsgQ-unsplash-300x225.jpg 300w, https:\/\/www.appartement.be\/wp-content\/uploads\/2021\/12\/loewe-technology-yHihfjIOsgQ-unsplash-1024x769.jpg 1024w, https:\/\/www.appartement.be\/wp-content\/uploads\/2021\/12\/loewe-technology-yHihfjIOsgQ-unsplash-768x576.jpg 768w, https:\/\/www.appartement.be\/wp-content\/uploads\/2021\/12\/loewe-technology-yHihfjIOsgQ-unsplash-1536x1153.jpg 1536w, https:\/\/www.appartement.be\/wp-content\/uploads\/2021\/12\/loewe-technology-yHihfjIOsgQ-unsplash-2048x1537.jpg 2048w\" sizes=\"auto, (max-width: 2560px) 100vw, 2560px\" \/><\/p>\n<h2 id=\"retro\">Tendances de la d\u00e9coration d&rsquo;int\u00e9rieur : FORMES RONDES ET ORGANIQUES<\/h2>\n<p>Vous avez ador\u00e9 les formes organiques que vous avez vues dans presque tous les magasins de d\u00e9coration d&rsquo;int\u00e9rieur en 2021 ? Cette tendance se poursuit (heureusement) en 2022. Certains adorent cette tendance parce qu&rsquo;elle donne \u00e0 votre espace quelque chose de calme et de familier, ce dont nous aurions bien besoin en ces temps difficiles. D&rsquo;autres la trouvent tout simplement magnifique, ce qui est une raison suffisante pour introduire cette tendance dans votre maison ! Vous cherchez d&rsquo;autres sources d&rsquo;inspiration ? <span style=\"text-decoration: underline;\"><a href=\"https:\/\/www.appartement.be\/tag\/inspiratie\/\">D\u00e9couvrez les derni\u00e8res tendances en mati\u00e8re d&rsquo;habitat<\/a>.<\/span>   <\/p>\n","protected":false},"excerpt":{"rendered":"<p>Un tout nouveau look pour votre int\u00e9rieur afin de commencer la nouvelle ann\u00e9e en beaut\u00e9 ? Nous avons r\u00e9pertori\u00e9 pour vous les meilleures tendances en mati\u00e8re de d\u00e9coration d&rsquo;int\u00e9rieur ! Tendances de la d\u00e9coration d&rsquo;int\u00e9rieur : RETRO Le look r\u00e9tro revient en force en 2022. Mais avec un peu plus de modernit\u00e9. La couleur orange, [&hellip;]<\/p>\n","protected":false},"author":7,"featured_media":4799,"comment_status":"closed","ping_status":"closed","sticky":false,"template":"","format":"standard","meta":{"_acf_changed":false,"footnotes":""},"categories":[1137],"tags":[1266,1197,1403,2185,2304],"class_list":["post-6936","post","type-post","status-publish","format-standard","has-post-thumbnail","hentry","category-inspiration","tag-conseils-fr","tag-conseils","tag-inspiration","tag-tendances-interieures","tag-tendances-interieures-2022"],"acf":[],"_links":{"self":[{"href":"https:\/\/www.appartement.be\/fr\/wp-json\/wp\/v2\/posts\/6936","targetHints":{"allow":["GET"]}}],"collection":[{"href":"https:\/\/www.appartement.be\/fr\/wp-json\/wp\/v2\/posts"}],"about":[{"href":"https:\/\/www.appartement.be\/fr\/wp-json\/wp\/v2\/types\/post"}],"author":[{"embeddable":true,"href":"https:\/\/www.appartement.be\/fr\/wp-json\/wp\/v2\/users\/7"}],"replies":[{"embeddable":true,"href":"https:\/\/www.appartement.be\/fr\/wp-json\/wp\/v2\/comments?post=6936"}],"version-history":[{"count":0,"href":"https:\/\/www.appartement.be\/fr\/wp-json\/wp\/v2\/posts\/6936\/revisions"}],"wp:featuredmedia":[{"embeddable":true,"href":"https:\/\/www.appartement.be\/fr\/wp-json\/wp\/v2\/media\/4799"}],"wp:attachment":[{"href":"https:\/\/www.appartement.be\/fr\/wp-json\/wp\/v2\/media?parent=6936"}],"wp:term":[{"taxonomy":"category","embeddable":true,"href":"https:\/\/www.appartement.be\/fr\/wp-json\/wp\/v2\/categories?post=6936"},{"taxonomy":"post_tag","embeddable":true,"href":"https:\/\/www.appartement.be\/fr\/wp-json\/wp\/v2\/tags?post=6936"}],"curies":[{"name":"wp","href":"https:\/\/api.w.org\/{rel}","templated":true}]}}